{"id":10350,"date":"2026-08-20T15:51:57","date_gmt":"2026-08-20T13:51:57","guid":{"rendered":"https:\/\/toscanashopping.it\/blog\/?p=10350"},"modified":"2026-08-20T15:51:57","modified_gmt":"2026-08-20T13:51:57","slug":"palio-della-balestra-2026","status":"publish","type":"post","link":"https:\/\/toscanashopping.it\/blog\/eventi\/palio-della-balestra-2026\/","title":{"rendered":"Palio della Balestra 2026"},"content":{"rendered":"<p>C\u2019\u00e8 una domenica di settembre in cui Sansepolcro smette di essere una citt\u00e0 toscana del 2026 e torna a essere un Borgo del Quattrocento. Le vie si riempiono di figure in costume rinascimentale, i tamburi rimbombano tra le pietre medievali, e in Piazza Torre di Berta un\u2019ottantina di balestrieri prende posizione per la gara pi\u00f9 antica del territorio: il <b>Palio della Balestra<\/b>. Dall\u2019altra parte del bersaglio, come da quasi sei secoli, ci sono i rivali-amici di <b>Gubbio<\/b>.<\/p>\n<p>Il <b>Palio della Balestra 2026<\/b> si svolge a <b>Sansepolcro<\/b> domenica <b>13 settembre<\/b>: la seconda domenica di settembre, come da tradizione. In questa guida trovi tutto quello che serve per viverlo: il programma delle Feste del Palio con i giorni precedenti, come funziona la gara con la balestra grossa, come arrivare e cosa vedere a Sansepolcro durante e dopo l\u2019evento.<\/p>\n<p>&nbsp;<\/p>\n<h2><b>Cos\u2019\u00e8 il Palio della Balestra di Sansepolcro<\/b><\/h2>\n<p>Il <b>Palio della Balestra<\/b> \u00e8 una delle rievocazioni storiche pi\u00f9 autentiche e sentite dell\u2019intera Toscana: una sfida di tiro con la <b>balestra grossa<\/b> tra i balestrieri di <b>Sansepolcro<\/b> e quelli di <b>Gubbio<\/b>, che si svolge ininterrottamente dal XV secolo. Non \u00e8 uno spettacolo costruito per i turisti: \u00e8 una tradizione che la citt\u00e0 custodisce da generazioni, una competizione vera e tecnicamente impegnativa, con regole ferree tramandate di padre in figlio.<\/p>\n<p>La manifestazione si svolge due volte l\u2019anno in alternanza: l\u2019<b>ultima domenica di maggio a Gubbio<\/b> (nel 2026 il 31 maggio, in Piazza Grande, in onore di Sant\u2019Ubaldo patrono della citt\u00e0 umbra), e la <b>seconda domenica di settembre a Sansepolcro<\/b> (domenica 13 settembre 2026, in Piazza Torre di Berta, in onore di Sant\u2019Egidio patrono di Sansepolcro). \u00c8 organizzata dalla <b>Societ\u00e0 Balestrieri di Sansepolcro<\/b> e dalla <b>Societ\u00e0 Balestrieri di Gubbio<\/b> nel quadro delle feste patronali delle due citt\u00e0.<\/p>\n<p>Le regole del <b>Palio della Balestra<\/b> sono il riferimento per oltre venti altre competizioni di tiro con la balestra grossa che si tengono in tutta Italia: a Sansepolcro \u00e8 nata la disciplina, e da qui le sue regole si sono diffuse. \u00c8 il culmine degli eventi culturali che fanno di Sansepolcro uno dei pi\u00f9 affascinanti palcoscenici rinascimentali del panorama nazionale.<\/p>\n<p>&nbsp;<\/p>\n<h2><b>Un po\u2019 di storia: dal Quattrocento a oggi<\/b><\/h2>\n<p>La storia documentata del <b>Palio della Balestra<\/b> inizia nel <b>1461<\/b>: \u00e8 questo il primo documento scritto che attesta formalmente la competizione tra le due citt\u00e0. In forma stabile e continuativa la sfida \u00e8 documentata dal <b>1594<\/b>, ma la pratica della balestra come esercizio civico e militare \u00e8 molto pi\u00f9 antica. Nel Medioevo e nel primo Rinascimento le compagnie di balestrieri erano fondamentali per la difesa delle citt\u00e0: ogni citt\u00e0 manteneva i propri uomini addestrati, e le competizioni servivano a mantenerli in forma.<\/p>\n<p>Un dettaglio che dice molto: la tradizione locale vuole che nel <b>1453<\/b> anche <b>Piero della Francesca<\/b> avesse partecipato alla difesa dei colori biturgensi, a testimonianza di quanto la balestra fosse intrecciata con la vita quotidiana del Borgo. Nel <b>1951<\/b> la manifestazione si trasform\u00f2 ufficialmente in <b>rievocazione storica<\/b>, con i balestrieri che scendono in campo in abiti quattrocenteschi. Nel <b>1992<\/b>, in occasione del cinquecentenario della morte di Piero della Francesca, i costumi dei balestrieri e dell\u2019intero Corteo furono rinnovati ispirandosi direttamente alle opere del maestro: un omaggio al grande artista del Borgo che \u00e8 anche uno dei travestimenti pi\u00f9 belli e rigorosi del panorama delle rievocazioni italiane.<\/p>\n<p>&nbsp;<\/p>\n<h2><b>Palio della Balestra 2026: date, luogo e info essenziali<\/b><\/h2>\n<p><b>Data<\/b>: <b>domenica 13 settembre 2026<\/b><\/p>\n<p><b>Orario gara<\/b>: ore <b>16:30<\/b> in Piazza Torre di Berta<\/p>\n<p><b>Luogo<\/b>: <b>Piazza Torre di Berta<\/b>, centro storico di Sansepolcro (AR)<\/p>\n<p><b>Corteo storico<\/b>: ore <b>19:00<\/b>, centro storico, in onore del vincitore<\/p>\n<p><b>Araldo e Bando di Sfida<\/b>: ore <b>11:30<\/b>, Palazzo delle Laudi<\/p>\n<p><b>Investitura Maestro di Campo<\/b>: ore <b>12:15<\/b>, Gradini del Museo Civico<\/p>\n<p><b>Ingresso<\/b>: le strade e il corteo si seguono liberi; la piazza di gara pu\u00f2 richiedere biglietto (verificare su www.balestrierisansepolcro.it)<\/p>\n<p><b>Sito ufficiale<\/b>: www.balestrierisansepolcro.it<\/p>\n<p><b>Info Comune<\/b>: tel. 0575 732283<\/p>\n<p>&nbsp;<\/p>\n<h2><b>Le Feste del Palio: il programma settembre 2026<\/b><\/h2>\n<p>Il Palio della Balestra non \u00e8 solo la domenica della gara: \u00e8 un intero mese di settembre in cui Sansepolcro si trasforma. Le <b>Feste del Palio<\/b> sono un calendario ricco di eventi che coinvolgono tutto il Borgo, coinvolgendo residenti e visitatori in un\u2019atmosfera rinascimentale che si costruisce giorno per giorno.<\/p>\n<p>&nbsp;<\/p>\n<h3><b>Dal 1 settembre: Sansepolcro rinascimentale<\/b><\/h3>\n<p>Dal <b>1 settembre<\/b> le vie e le piazze del Borgo si trasformano in un palcoscenico rinascimentale. Tornano i costumi d\u2019epoca, le insegne dei rioni, le bandiere e i simboli cittadini. Per tutto il mese \u00e8 attivo il <b>Mercato di Sant\u2019Egidio<\/b> lungo le vie del centro: una ricostruzione rigorosa in costume di un mercato rinascimentale, con merci, artigiani e personaggi in abito d\u2019epoca che ricreano l\u2019atmosfera del Borgo quattrocentesco. Sono presenti anche spettacoli teatrali e momenti culturali sotto il cartellone di <b>Sansepolcro Rinascimentale<\/b>.<\/p>\n<p>&nbsp;<\/p>\n<h3><b>La settimana del Palio<\/b><\/h3>\n<p>Nei giorni immediatamente precedenti la domenica del Palio il programma si infittisce:<\/p>\n<ul>\n<li><b> Palio dei Rioni<\/b> \u2013 Piazza Torre di Berta, ore 21:00: serata di battaglia e sfida tra i rioni della citt\u00e0 (<b>Porta Fiorentina VS Porta Romana<\/b>). Una competizione interna per i balestrieri di Sansepolcro che scalda l\u2019atmosfera prima della sfida principale.<\/li>\n<li><b> Concerto Propiziatorio<\/b> \u2013 Cattedrale di San Giovanni Evangelista, ore 21:00: concerto della Societ\u00e0 Balestrieri Sansepolcro, momento musicale e spirituale di preparazione alla grande giornata.<\/li>\n<li><b> Offerta della Cera<\/b> \u2013 Cattedrale di San Giovanni Evangelista, ore 21:00: il rito dell\u2019offerta della Cera a cura della Societ\u00e0 Balestrieri di Sansepolcro.<\/li>\n<li><b> \u201cAl convento di suor Cangrande\u201d<\/b> \u2013 Chiostro di Palazzo delle Laudi, ore 21:00\/22:00\/23:00: breve commedia liberamente tratta dal Decamerone, a cura della Compagnia di Teatro Popolare di Sansepolcro.<\/li>\n<li><b> Ballo dei Rioni<\/b> \u2013 Centro storico, dalle ore 21:00: serata di ballo organizzata dai Commercianti del Centro Storico e de I Citti del Fare.<\/li>\n<li><b> Presentazione del Drappo del Palio<\/b> \u2013 Sala del Consiglio Comunale, Palazzo delle Laudi, ore 18:00: presentazione del drappo d\u2019arte che va al vincitore.<\/li>\n<li><b> Palio di Sant\u2019Egidio<\/b> \u2013 Poligono \u201cLuigi Batti\u201d: competizione interna dei balestrieri di Sansepolcro.<\/li>\n<\/ul>\n<p>&nbsp;<\/p>\n<h3><b>Domenica 13 settembre: il giorno del Palio<\/b><\/h3>\n<p>Il giorno della gara ha una sua liturgia consolidata che si svolge secondo uno schema antico:<\/p>\n<p><b>Ore 11:30<\/b> \u2013 L\u2019<b>Araldo<\/b> esce da Palazzo delle Laudi e sfilata per le vie del centro storico con la lettura del <b>Bando di Sfida<\/b>: la dichiarazione formale della competizione, letta in latino e in volgare.<\/p>\n<p><b>Ore 12:15<\/b> \u2013 Ai Gradini del Museo Civico: <b>Investitura del Maestro di Campo<\/b>, la figura che presiede e regola la competizione.<\/p>\n<p><b>Ore 16:30<\/b> \u2013 <b>Piazza Torre di Berta<\/b>: il <b>Secolare Palio della Balestra<\/b> tra Sansepolcro e Gubbio. Il corteo storico delle due citt\u00e0 sfila in piazza prima della gara. I balestrieri prendono posizione ai banchi di tiro. La sfida ha inizio.<\/p>\n<p><b>Ore 19:00<\/b> \u2013 Centro storico: <b>Sfilata del Corteo Storico<\/b> in onore del vincitore del Palio, con dame, dignitari, musicisti, sbandieratori e figure in costume rinascimentale che attraversano il Borgo nel nome del santo patrono.<\/p>\n<p>&nbsp;<\/p>\n<h2><b>La balestra grossa: come funziona la gara<\/b><\/h2>\n<p>La gara sembra semplice: <b>colpire il centro del bersaglio<\/b> con una freccia. Ma la tecnica della balestra grossa non ha niente di semplice. La <b>balestra grossa<\/b> \u00e8 un\u2019arma meccanica di tradizione medievale e rinascimentale, molto diversa dalle balestre moderne a pulegge: richiede forza per tesare la corda, mira precisa e controllo del respiro. La <b>verretta<\/b> \u2014 il dardo usato nella competizione \u2014 \u00e8 corta e pesante, progettata per perforare, non per volare lontano.<\/p>\n<p>Il bersaglio si chiama <b>corniolo<\/b> o <b>tasso<\/b>: un disco di legno fisso a una struttura verticale, posto a <b>36 metri<\/b> dal banco di tiro. Al centro del bersaglio si trova la <b>bulletta del corniolo<\/b>: chi colpisce il centro esatto \u2014 o chi si avvicina di pi\u00f9 \u2014 vince il punto per la propria citt\u00e0. Circa <b>ottanta balestrieri<\/b> in totale si alternano ai banchi di tiro, suddivisi tra le due citt\u00e0, in una sequenza regolata dal Maestro di Campo. La tensione \u00e8 quella di una gara vera, non di uno spettacolo: i balestrieri si allenano tutto l\u2019anno e difendere i colori della propria citt\u00e0 \u00e8 una questione d\u2019onore.<\/p>\n<p>&nbsp;<\/p>\n<h2><b>Sansepolcro: la citt\u00e0 di Piero della Francesca<\/b><\/h2>\n<p>Sansepolcro si trova in <b>provincia di Arezzo<\/b>, nella <b>Valtiberina Toscana<\/b>, a circa 40 km da Arezzo, 115 km da Firenze e 70 km da Perugia. \u00c8 conosciuta nel mondo come <b>\u201cil Borgo di Piero\u201d<\/b>: qui nacque <b>Piero della Francesca<\/b> (circa 1412-1492), e qui si trova il <b>Museo Civico di Sansepolcro<\/b> con la sua <b>Resurrezione<\/b>, il dipinto che Aldous Huxley defin\u00ec \u201cil pi\u00f9 bel dipinto del mondo\u201d.<\/p>\n<p>Il centro storico di Sansepolcro \u00e8 uno dei pi\u00f9 ben conservati della Toscana: palazzi rinascimentali, torri medievali, strade lastricate, chiese e piazze che non hanno perso il carattere originario. Vale la pena arrivare con qualche ora di anticipo rispetto al Palio per visitare il Museo Civico (con la Resurrezione di Piero, la Madonna della Misericordia e le Storie della vera Croce di Luca Signorelli), il Palazzo delle Laudi e il Palazzo Pretorio, e percorrere a piedi le vie del centro durante il Mercato rinascimentale di Sant\u2019Egidio.<\/p>\n<p>&nbsp;<\/p>\n<h2><b>Come arrivare a Sansepolcro<\/b><\/h2>\n<p><b>In auto da Firenze<\/b>: circa 115 km (1h20-1h30) via A1 e poi SS73 dalla val d\u2019Arno verso Arezzo, poi SS73 bis per Sansepolcro. In alternativa via A1 fino a Valdarno\/Arezzo e poi SS73.<\/p>\n<p><b>In auto da Arezzo<\/b>: circa 40 km (40 minuti) via SS73 o la strada provinciale.<\/p>\n<p><b>In treno<\/b>: Sansepolcro ha una stazione sulla <b>Ferrovia Centrale Umbra<\/b> (linea non elettrificata) con collegamenti verso Perugia e Teront\u00f2la. Per chi viene da Firenze \u00e8 pi\u00f9 comodo in auto. Per chi viene da Perugia il treno \u00e8 una buona opzione.<\/p>\n<p><b>Parcheggio<\/b>: disponibile nelle aree esterne al centro storico. Il giorno del Palio il centro storico \u00e8 chiuso al traffico: arrivare con anticipo e parcheggiare nelle aree perimetrali \u00e8 la scelta pi\u00f9 pratica.<\/p>\n<p>&nbsp;<\/p>\n<h2><b>Palio della Balestra 2026: una sfida che dura da sei secoli<\/b><\/h2>\n<p>Il <b>Palio della Balestra 2026<\/b> \u00e8 domenica <b>13 settembre<\/b> a <b>Sansepolcro<\/b>. \u00c8 uno degli eventi pi\u00f9 autentici e meno commerciali tra le rievocazioni storiche italiane: non \u00e8 costruito intorno al turismo, \u00e8 costruito intorno a una tradizione che la citt\u00e0 sente profondamente propria. Lo si capisce dal fatto che i balestrieri si allenano tutto l\u2019anno, che i costumi seguono l\u2019iconografia di Piero della Francesca, che il Bando di Sfida viene letto in latino.<\/p>\n<p>Il programma inizia il <b>1 settembre<\/b> con l\u2019apertura del Borgo rinascimentale, e culmina il <b>13 settembre alle 16:30<\/b> con la gara in Piazza Torre di Berta. Poi alle 19:00 il corteo del vincitore attraversa il Borgo. Su <b>toscanashopping.it<\/b> trovi le guide a tutti gli eventi e le tradizioni pi\u00f9 belle della Toscana.<\/p>\n<p>&nbsp;<\/p>\n<h2><b>Domande frequenti sul Palio della Balestra 2026<\/b><\/h2>\n<p>&nbsp;<\/p>\n<h4><b>Quando si svolge il Palio della Balestra di Sansepolcro nel 2026?<\/b><\/h4>\n<p>Il <b>Palio della Balestra di Sansepolcro 2026<\/b> si svolge <b>domenica 13 settembre 2026<\/b> \u2014 la seconda domenica di settembre, come da tradizione. La gara di tiro con la balestra grossa tra i balestrieri di Sansepolcro e Gubbio inizia alle <b>ore 16:30<\/b> in <b>Piazza Torre di Berta<\/b> nel centro storico di Sansepolcro (AR). Il corteo storico in onore del vincitore parte alle <b>ore 19:00<\/b>. La giornata si apre gi\u00e0 alle 11:30 con l\u2019uscita dell\u2019Araldo e il Bando di Sfida. Le Feste del Palio coinvolgono tutto settembre con eventi dal 1 settembre in poi.<\/p>\n<p>&nbsp;<\/p>\n<h4><b>Come si svolge la gara del Palio della Balestra?<\/b><\/h4>\n<p>La gara del <b>Palio della Balestra<\/b> consiste nel colpire con la <b>verretta<\/b> (il dardo della balestra grossa) il <b>corniolo<\/b> \u2014 un bersaglio circolare di legno posto a <b>36 metri<\/b> di distanza. Al centro del bersaglio si trova la bulletta: chi colpisce il punto esatto \u2014 o si avvicina di pi\u00f9 \u2014 vince il punto per la propria citt\u00e0. Circa <b>ottanta balestrieri<\/b> in totale si alternano ai banchi di tiro tra Sansepolcro e Gubbio, in una sequenza regolata dal Maestro di Campo. Prima della gara i cortei storici delle due citt\u00e0 \u2014 dame, dignitari, musici, sbandieratori \u2014 sfilano in piazza in costumi ispirati alle opere di Piero della Francesca.<\/p>\n<p>&nbsp;<\/p>\n<h4><b>Quanto dura il programma delle Feste del Palio e cosa c\u2019\u00e8 da vedere oltre alla gara?<\/b><\/h4>\n<p>Le <b>Feste del Palio di Sansepolcro<\/b> si estendono per tutto il mese di settembre. Dal <b>1 settembre<\/b> il centro storico si anima con il <b>Mercato di Sant\u2019Egidio<\/b> (ricostruzione rigorosa di un mercato rinascimentale in costume), spettacoli teatrali e momenti culturali. Nella settimana precedente il Palio ci sono il <b>Palio dei Rioni<\/b> (Porta Fiorentina vs Porta Romana, Piazza Torre di Berta, ore 21), il <b>Concerto Propiziatorio<\/b> in Cattedrale, il <b>Palio di Sant\u2019Egidio<\/b> (competizione interna dei balestrieri) e varie serate di ballo e teatro. La domenica del Palio (13 settembre) il centro storico ospita l\u2019intero corteo delle due citt\u00e0 e la competizione vera. Vale inoltre la pena visitare il <b>Museo Civico<\/b> con la Resurrezione di Piero della Francesca.<\/p>\n","protected":false},"excerpt":{"rendered":"<p>C\u2019\u00e8 una domenica di settembre in cui Sansepolcro smette di essere una citt\u00e0 toscana del 2026 e torna a essere un Borgo del Quattrocento. Le vie si riempiono di figure in costume rinascimentale, i tamburi rimbombano tra le pietre medievali, e in Piazza Torre di Berta un\u2019ottantina di balestrieri prende posizione per la gara pi\u00f9 antica del territorio: il Palio della Balestra. Dall\u2019altra parte del bersaglio, come da quasi sei secoli, ci sono i rivali-amici di Gubbio. Il Palio della Balestra 2026 si svolge a Sansepolcro domenica 13 settembre: la seconda domenica di settembre, come da tradizione. In questa guida trovi tutto quello che serve per viverlo: il programma delle Feste del Palio con i giorni precedenti, come funziona la gara con la balestra grossa, come arrivare e cosa vedere a Sansepolcro durante e dopo l\u2019evento. &nbsp; Cos\u2019\u00e8 il Palio della Balestra di Sansepolcro Il Palio della Balestra \u00e8 una delle rievocazioni storiche pi\u00f9 autentiche e sentite dell\u2019intera Toscana: una sfida di tiro con la balestra grossa tra i balestrieri di Sansepolcro e quelli di Gubbio, che si svolge ininterrottamente dal XV secolo. Non \u00e8 uno spettacolo costruito per i turisti: \u00e8 una tradizione che la citt\u00e0 custodisce da generazioni, una competizione vera e tecnicamente impegnativa, con regole ferree tramandate di padre in figlio. La manifestazione si svolge due volte l\u2019anno in alternanza: l\u2019ultima domenica di maggio a Gubbio (nel 2026 il 31 maggio, in Piazza Grande, in onore di Sant\u2019Ubaldo patrono della citt\u00e0 umbra), e la seconda domenica di settembre a Sansepolcro (domenica 13 settembre 2026, in Piazza Torre di Berta, in onore di Sant\u2019Egidio patrono di Sansepolcro). \u00c8 organizzata dalla Societ\u00e0 Balestrieri di Sansepolcro e dalla Societ\u00e0 Balestrieri di Gubbio nel quadro delle feste patronali delle due citt\u00e0. Le regole del Palio della Balestra sono il riferimento per oltre venti altre competizioni di tiro con la balestra grossa che si tengono in tutta Italia: a Sansepolcro \u00e8 nata la disciplina, e da qui le sue regole si sono diffuse. \u00c8 il culmine degli eventi culturali che fanno di Sansepolcro uno dei pi\u00f9 affascinanti palcoscenici rinascimentali del panorama nazionale. &nbsp; Un po\u2019 di storia: dal Quattrocento a oggi La storia documentata del Palio della Balestra inizia nel 1461: \u00e8 questo il primo documento scritto che attesta formalmente la competizione tra le due citt\u00e0. In forma stabile e continuativa la sfida \u00e8 documentata dal 1594, ma la pratica della balestra come esercizio civico e militare \u00e8 molto pi\u00f9 antica. Nel Medioevo e nel primo Rinascimento le compagnie di balestrieri erano fondamentali per la difesa delle citt\u00e0: ogni citt\u00e0 manteneva i propri uomini addestrati, e le competizioni servivano a mantenerli in forma. Un dettaglio che dice molto: la tradizione locale vuole che nel 1453 anche Piero della Francesca avesse partecipato alla difesa dei colori biturgensi, a testimonianza di quanto la balestra fosse intrecciata con la vita quotidiana del Borgo. Nel 1951 la manifestazione si trasform\u00f2 ufficialmente in rievocazione storica, con i balestrieri che scendono in campo in abiti quattrocenteschi. Nel 1992, in occasione del cinquecentenario della morte di Piero della Francesca, i costumi dei balestrieri e dell\u2019intero Corteo furono rinnovati ispirandosi direttamente alle opere del maestro: un omaggio al grande artista del Borgo che \u00e8 anche uno dei travestimenti pi\u00f9 belli e rigorosi del panorama delle rievocazioni italiane. &nbsp; Palio della Balestra 2026: date, luogo e info essenziali Data: domenica 13 settembre 2026 Orario gara: ore 16:30 in Piazza Torre di Berta Luogo: Piazza Torre di Berta, centro storico di Sansepolcro (AR) Corteo storico: ore 19:00, centro storico, in onore del vincitore Araldo e Bando di Sfida: ore 11:30, Palazzo delle Laudi Investitura Maestro di Campo: ore 12:15, Gradini del Museo Civico Ingresso: le strade e il corteo si seguono liberi; la piazza di gara pu\u00f2 richiedere biglietto (verificare su www.balestrierisansepolcro.it) Sito ufficiale: www.balestrierisansepolcro.it Info Comune: tel. 0575 732283 &nbsp; Le Feste del Palio: il programma settembre 2026 Il Palio della Balestra non \u00e8 solo la domenica della gara: \u00e8 un intero mese di settembre in cui Sansepolcro si trasforma. Le Feste del Palio sono un calendario ricco di eventi che coinvolgono tutto il Borgo, coinvolgendo residenti e visitatori in un\u2019atmosfera rinascimentale che si costruisce giorno per giorno. &nbsp; Dal 1 settembre: Sansepolcro rinascimentale Dal 1 settembre le vie e le piazze del Borgo si trasformano in un palcoscenico rinascimentale. Tornano i costumi d\u2019epoca, le insegne dei rioni, le bandiere e i simboli cittadini. Per tutto il mese \u00e8 attivo il Mercato di Sant\u2019Egidio lungo le vie del centro: una ricostruzione rigorosa in costume di un mercato rinascimentale, con merci, artigiani e personaggi in abito d\u2019epoca che ricreano l\u2019atmosfera del Borgo quattrocentesco. Sono presenti anche spettacoli teatrali e momenti culturali sotto il cartellone di Sansepolcro Rinascimentale. &nbsp; La settimana del Palio Nei giorni immediatamente precedenti la domenica del Palio il programma si infittisce: Palio dei Rioni \u2013 Piazza Torre di Berta, ore 21:00: serata di battaglia e sfida tra i rioni della citt\u00e0 (Porta Fiorentina VS Porta Romana). Una competizione interna per i balestrieri di Sansepolcro che scalda l\u2019atmosfera prima della sfida principale. Concerto Propiziatorio \u2013 Cattedrale di San Giovanni Evangelista, ore 21:00: concerto della Societ\u00e0 Balestrieri Sansepolcro, momento musicale e spirituale di preparazione alla grande giornata. Offerta della Cera \u2013 Cattedrale di San Giovanni Evangelista, ore 21:00: il rito dell\u2019offerta della Cera a cura della Societ\u00e0 Balestrieri di Sansepolcro. \u201cAl convento di suor Cangrande\u201d \u2013 Chiostro di Palazzo delle Laudi, ore 21:00\/22:00\/23:00: breve commedia liberamente tratta dal Decamerone, a cura della Compagnia di Teatro Popolare di Sansepolcro. Ballo dei Rioni \u2013 Centro storico, dalle ore 21:00: serata di ballo organizzata dai Commercianti del Centro Storico e de I Citti del Fare. Presentazione del Drappo del Palio \u2013 Sala del Consiglio Comunale, Palazzo delle Laudi, ore 18:00: presentazione del drappo d\u2019arte che va al vincitore. Palio di Sant\u2019Egidio \u2013 Poligono \u201cLuigi Batti\u201d: competizione interna dei balestrieri di Sansepolcro. &nbsp; Domenica 13 settembre: il giorno del Palio Il giorno della gara ha una sua liturgia consolidata che si svolge secondo uno<\/p>\n","protected":false},"author":8,"featured_media":10351,"comment_status":"closed","ping_status":"closed","sticky":false,"template":"","format":"standard","meta":{"footnotes":""},"categories":[208,3],"tags":[],"class_list":["post-10350","post","type-post","status-publish","format-standard","has-post-thumbnail","hentry","category-arezzo","category-eventi"],"yoast_head":"<!-- This site is optimized with the Yoast SEO plugin v28.4 - https:\/\/yoast.com\/product\/yoast-seo-wordpress\/ -->\n<title>Palio della Balestra Sansepolcro 2026: date e programma<\/title>\n<meta name=\"description\" content=\"Il Palio della Balestra 2026 \u00e8 domenica 13 settembre a Sansepolcro: sfida tra balestrieri di Sansepolcro e Gubbio in Piazza Torre di Berta alle 16:30.\" \/>\n<meta name=\"robots\" content=\"index, follow, max-snippet:-1, max-image-preview:large, max-video-preview:-1\" \/>\n<link rel=\"canonical\" href=\"https:\/\/toscanashopping.it\/blog\/eventi\/palio-della-balestra-2026\/\" \/>\n<meta property=\"og:locale\" content=\"it_IT\" \/>\n<meta property=\"og:type\" content=\"article\" \/>\n<meta property=\"og:title\" content=\"Palio della Balestra Sansepolcro 2026: date e programma\" \/>\n<meta property=\"og:description\" content=\"Il Palio della Balestra 2026 \u00e8 domenica 13 settembre a Sansepolcro: sfida tra balestrieri di Sansepolcro e Gubbio in Piazza Torre di Berta alle 16:30.\" \/>\n<meta property=\"og:url\" content=\"https:\/\/toscanashopping.it\/blog\/eventi\/palio-della-balestra-2026\/\" \/>\n<meta property=\"og:site_name\" content=\"Blog Toscana Shopping\" \/>\n<meta property=\"article:published_time\" content=\"2026-08-20T13:51:57+00:00\" \/>\n<meta property=\"og:image\" content=\"https:\/\/toscanashopping.it\/blog\/wp-content\/uploads\/2026\/08\/paliodellabalestra-1024x506.png\" \/>\n\t<meta property=\"og:image:width\" content=\"1024\" \/>\n\t<meta property=\"og:image:height\" content=\"506\" \/>\n\t<meta property=\"og:image:type\" content=\"image\/png\" \/>\n<meta name=\"author\" content=\"Redazione\" \/>\n<meta name=\"twitter:card\" content=\"summary_large_image\" \/>\n<meta name=\"twitter:label1\" content=\"Scritto da\" \/>\n\t<meta name=\"twitter:data1\" content=\"Redazione\" \/>\n\t<meta name=\"twitter:label2\" content=\"Tempo di lettura stimato\" \/>\n\t<meta name=\"twitter:data2\" content=\"12 minuti\" \/>\n<script type=\"application\/ld+json\" class=\"yoast-schema-graph\">{\"@context\":\"https:\\\/\\\/schema.org\",\"@graph\":[{\"@type\":[\"Article\",\"BlogPosting\"],\"@id\":\"https:\\\/\\\/toscanashopping.it\\\/blog\\\/eventi\\\/palio-della-balestra-2026\\\/#article\",\"isPartOf\":{\"@id\":\"https:\\\/\\\/toscanashopping.it\\\/blog\\\/eventi\\\/palio-della-balestra-2026\\\/\"},\"author\":{\"name\":\"Redazione\",\"@id\":\"https:\\\/\\\/toscanashopping.it\\\/blog\\\/#\\\/schema\\\/person\\\/168a483b63d59f897634dc9aa501da26\"},\"headline\":\"Palio della Balestra 2026\",\"datePublished\":\"2026-08-20T13:51:57+00:00\",\"mainEntityOfPage\":{\"@id\":\"https:\\\/\\\/toscanashopping.it\\\/blog\\\/eventi\\\/palio-della-balestra-2026\\\/\"},\"wordCount\":2038,\"publisher\":{\"@id\":\"https:\\\/\\\/toscanashopping.it\\\/blog\\\/#organization\"},\"image\":{\"@id\":\"https:\\\/\\\/toscanashopping.it\\\/blog\\\/eventi\\\/palio-della-balestra-2026\\\/#primaryimage\"},\"thumbnailUrl\":\"https:\\\/\\\/toscanashopping.it\\\/blog\\\/wp-content\\\/uploads\\\/2026\\\/08\\\/paliodellabalestra.png\",\"articleSection\":[\"Arezzo\",\"Eventi\"],\"inLanguage\":\"it-IT\",\"copyrightYear\":\"2026\",\"copyrightHolder\":{\"@id\":\"https:\\\/\\\/toscanashopping.it\\\/blog\\\/#organization\"}},{\"@type\":\"WebPage\",\"@id\":\"https:\\\/\\\/toscanashopping.it\\\/blog\\\/eventi\\\/palio-della-balestra-2026\\\/\",\"url\":\"https:\\\/\\\/toscanashopping.it\\\/blog\\\/eventi\\\/palio-della-balestra-2026\\\/\",\"name\":\"Palio della Balestra Sansepolcro 2026: date e programma\",\"isPartOf\":{\"@id\":\"https:\\\/\\\/toscanashopping.it\\\/blog\\\/#website\"},\"primaryImageOfPage\":{\"@id\":\"https:\\\/\\\/toscanashopping.it\\\/blog\\\/eventi\\\/palio-della-balestra-2026\\\/#primaryimage\"},\"image\":{\"@id\":\"https:\\\/\\\/toscanashopping.it\\\/blog\\\/eventi\\\/palio-della-balestra-2026\\\/#primaryimage\"},\"thumbnailUrl\":\"https:\\\/\\\/toscanashopping.it\\\/blog\\\/wp-content\\\/uploads\\\/2026\\\/08\\\/paliodellabalestra.png\",\"datePublished\":\"2026-08-20T13:51:57+00:00\",\"description\":\"Il Palio della Balestra 2026 \u00e8 domenica 13 settembre a Sansepolcro: sfida tra balestrieri di Sansepolcro e Gubbio in Piazza Torre di Berta alle 16:30.\",\"breadcrumb\":{\"@id\":\"https:\\\/\\\/toscanashopping.it\\\/blog\\\/eventi\\\/palio-della-balestra-2026\\\/#breadcrumb\"},\"inLanguage\":\"it-IT\",\"potentialAction\":[{\"@type\":\"ReadAction\",\"target\":[\"https:\\\/\\\/toscanashopping.it\\\/blog\\\/eventi\\\/palio-della-balestra-2026\\\/\"]}]},{\"@type\":\"ImageObject\",\"inLanguage\":\"it-IT\",\"@id\":\"https:\\\/\\\/toscanashopping.it\\\/blog\\\/eventi\\\/palio-della-balestra-2026\\\/#primaryimage\",\"url\":\"https:\\\/\\\/toscanashopping.it\\\/blog\\\/wp-content\\\/uploads\\\/2026\\\/08\\\/paliodellabalestra.png\",\"contentUrl\":\"https:\\\/\\\/toscanashopping.it\\\/blog\\\/wp-content\\\/uploads\\\/2026\\\/08\\\/paliodellabalestra.png\",\"width\":1920,\"height\":949,\"caption\":\"fonte:https:\\\/\\\/www.facebook.com\\\/comunesansepolcro\"},{\"@type\":\"BreadcrumbList\",\"@id\":\"https:\\\/\\\/toscanashopping.it\\\/blog\\\/eventi\\\/palio-della-balestra-2026\\\/#breadcrumb\",\"itemListElement\":[{\"@type\":\"ListItem\",\"position\":1,\"name\":\"Toscanablog\",\"item\":\"https:\\\/\\\/toscanashopping.it\\\/blog\\\/\"},{\"@type\":\"ListItem\",\"position\":2,\"name\":\"Eventi\",\"item\":\"https:\\\/\\\/toscanashopping.it\\\/blog\\\/eventi\\\/\"},{\"@type\":\"ListItem\",\"position\":3,\"name\":\"Palio della Balestra 2026\"}]},{\"@type\":\"WebSite\",\"@id\":\"https:\\\/\\\/toscanashopping.it\\\/blog\\\/#website\",\"url\":\"https:\\\/\\\/toscanashopping.it\\\/blog\\\/\",\"name\":\"Toscana Shopping Blog\",\"description\":\"\",\"publisher\":{\"@id\":\"https:\\\/\\\/toscanashopping.it\\\/blog\\\/#organization\"},\"alternateName\":\"Toscana Shopping Blog\",\"potentialAction\":[{\"@type\":\"SearchAction\",\"target\":{\"@type\":\"EntryPoint\",\"urlTemplate\":\"https:\\\/\\\/toscanashopping.it\\\/blog\\\/?s={search_term_string}\"},\"query-input\":{\"@type\":\"PropertyValueSpecification\",\"valueRequired\":true,\"valueName\":\"search_term_string\"}}],\"inLanguage\":\"it-IT\"},{\"@type\":\"Organization\",\"@id\":\"https:\\\/\\\/toscanashopping.it\\\/blog\\\/#organization\",\"name\":\"USB\",\"alternateName\":\"Toscana Shopping Blog\",\"url\":\"https:\\\/\\\/toscanashopping.it\\\/blog\\\/\",\"logo\":{\"@type\":\"ImageObject\",\"inLanguage\":\"it-IT\",\"@id\":\"https:\\\/\\\/toscanashopping.it\\\/blog\\\/#\\\/schema\\\/logo\\\/image\\\/\",\"url\":\"\",\"contentUrl\":\"\",\"caption\":\"USB\"},\"image\":{\"@id\":\"https:\\\/\\\/toscanashopping.it\\\/blog\\\/#\\\/schema\\\/logo\\\/image\\\/\"}},{\"@type\":\"Person\",\"@id\":\"https:\\\/\\\/toscanashopping.it\\\/blog\\\/#\\\/schema\\\/person\\\/168a483b63d59f897634dc9aa501da26\",\"name\":\"Redazione\",\"image\":{\"@type\":\"ImageObject\",\"inLanguage\":\"it-IT\",\"@id\":\"https:\\\/\\\/secure.gravatar.com\\\/avatar\\\/e650296cbdc30189124749fbda42a1034e408872fdfab3d9e3d1662233cc568b?s=96&d=mm&r=g\",\"url\":\"https:\\\/\\\/secure.gravatar.com\\\/avatar\\\/e650296cbdc30189124749fbda42a1034e408872fdfab3d9e3d1662233cc568b?s=96&d=mm&r=g\",\"contentUrl\":\"https:\\\/\\\/secure.gravatar.com\\\/avatar\\\/e650296cbdc30189124749fbda42a1034e408872fdfab3d9e3d1662233cc568b?s=96&d=mm&r=g\",\"caption\":\"Redazione\"}}]}<\/script>\n<!-- \/ Yoast SEO plugin. -->","yoast_head_json":{"title":"Palio della Balestra Sansepolcro 2026: date e programma","description":"Il Palio della Balestra 2026 \u00e8 domenica 13 settembre a Sansepolcro: sfida tra balestrieri di Sansepolcro e Gubbio in Piazza Torre di Berta alle 16:30.","robots":{"index":"index","follow":"follow","max-snippet":"max-snippet:-1","max-image-preview":"max-image-preview:large","max-video-preview":"max-video-preview:-1"},"canonical":"https:\/\/toscanashopping.it\/blog\/eventi\/palio-della-balestra-2026\/","og_locale":"it_IT","og_type":"article","og_title":"Palio della Balestra Sansepolcro 2026: date e programma","og_description":"Il Palio della Balestra 2026 \u00e8 domenica 13 settembre a Sansepolcro: sfida tra balestrieri di Sansepolcro e Gubbio in Piazza Torre di Berta alle 16:30.","og_url":"https:\/\/toscanashopping.it\/blog\/eventi\/palio-della-balestra-2026\/","og_site_name":"Blog Toscana Shopping","article_published_time":"2026-08-20T13:51:57+00:00","og_image":[{"width":1024,"height":506,"url":"https:\/\/toscanashopping.it\/blog\/wp-content\/uploads\/2026\/08\/paliodellabalestra-1024x506.png","type":"image\/png"}],"author":"Redazione","twitter_card":"summary_large_image","twitter_misc":{"Scritto da":"Redazione","Tempo di lettura stimato":"12 minuti"},"schema":{"@context":"https:\/\/schema.org","@graph":[{"@type":["Article","BlogPosting"],"@id":"https:\/\/toscanashopping.it\/blog\/eventi\/palio-della-balestra-2026\/#article","isPartOf":{"@id":"https:\/\/toscanashopping.it\/blog\/eventi\/palio-della-balestra-2026\/"},"author":{"name":"Redazione","@id":"https:\/\/toscanashopping.it\/blog\/#\/schema\/person\/168a483b63d59f897634dc9aa501da26"},"headline":"Palio della Balestra 2026","datePublished":"2026-08-20T13:51:57+00:00","mainEntityOfPage":{"@id":"https:\/\/toscanashopping.it\/blog\/eventi\/palio-della-balestra-2026\/"},"wordCount":2038,"publisher":{"@id":"https:\/\/toscanashopping.it\/blog\/#organization"},"image":{"@id":"https:\/\/toscanashopping.it\/blog\/eventi\/palio-della-balestra-2026\/#primaryimage"},"thumbnailUrl":"https:\/\/toscanashopping.it\/blog\/wp-content\/uploads\/2026\/08\/paliodellabalestra.png","articleSection":["Arezzo","Eventi"],"inLanguage":"it-IT","copyrightYear":"2026","copyrightHolder":{"@id":"https:\/\/toscanashopping.it\/blog\/#organization"}},{"@type":"WebPage","@id":"https:\/\/toscanashopping.it\/blog\/eventi\/palio-della-balestra-2026\/","url":"https:\/\/toscanashopping.it\/blog\/eventi\/palio-della-balestra-2026\/","name":"Palio della Balestra Sansepolcro 2026: date e programma","isPartOf":{"@id":"https:\/\/toscanashopping.it\/blog\/#website"},"primaryImageOfPage":{"@id":"https:\/\/toscanashopping.it\/blog\/eventi\/palio-della-balestra-2026\/#primaryimage"},"image":{"@id":"https:\/\/toscanashopping.it\/blog\/eventi\/palio-della-balestra-2026\/#primaryimage"},"thumbnailUrl":"https:\/\/toscanashopping.it\/blog\/wp-content\/uploads\/2026\/08\/paliodellabalestra.png","datePublished":"2026-08-20T13:51:57+00:00","description":"Il Palio della Balestra 2026 \u00e8 domenica 13 settembre a Sansepolcro: sfida tra balestrieri di Sansepolcro e Gubbio in Piazza Torre di Berta alle 16:30.","breadcrumb":{"@id":"https:\/\/toscanashopping.it\/blog\/eventi\/palio-della-balestra-2026\/#breadcrumb"},"inLanguage":"it-IT","potentialAction":[{"@type":"ReadAction","target":["https:\/\/toscanashopping.it\/blog\/eventi\/palio-della-balestra-2026\/"]}]},{"@type":"ImageObject","inLanguage":"it-IT","@id":"https:\/\/toscanashopping.it\/blog\/eventi\/palio-della-balestra-2026\/#primaryimage","url":"https:\/\/toscanashopping.it\/blog\/wp-content\/uploads\/2026\/08\/paliodellabalestra.png","contentUrl":"https:\/\/toscanashopping.it\/blog\/wp-content\/uploads\/2026\/08\/paliodellabalestra.png","width":1920,"height":949,"caption":"fonte:https:\/\/www.facebook.com\/comunesansepolcro"},{"@type":"BreadcrumbList","@id":"https:\/\/toscanashopping.it\/blog\/eventi\/palio-della-balestra-2026\/#breadcrumb","itemListElement":[{"@type":"ListItem","position":1,"name":"Toscanablog","item":"https:\/\/toscanashopping.it\/blog\/"},{"@type":"ListItem","position":2,"name":"Eventi","item":"https:\/\/toscanashopping.it\/blog\/eventi\/"},{"@type":"ListItem","position":3,"name":"Palio della Balestra 2026"}]},{"@type":"WebSite","@id":"https:\/\/toscanashopping.it\/blog\/#website","url":"https:\/\/toscanashopping.it\/blog\/","name":"Toscana Shopping Blog","description":"","publisher":{"@id":"https:\/\/toscanashopping.it\/blog\/#organization"},"alternateName":"Toscana Shopping Blog","potentialAction":[{"@type":"SearchAction","target":{"@type":"EntryPoint","urlTemplate":"https:\/\/toscanashopping.it\/blog\/?s={search_term_string}"},"query-input":{"@type":"PropertyValueSpecification","valueRequired":true,"valueName":"search_term_string"}}],"inLanguage":"it-IT"},{"@type":"Organization","@id":"https:\/\/toscanashopping.it\/blog\/#organization","name":"USB","alternateName":"Toscana Shopping Blog","url":"https:\/\/toscanashopping.it\/blog\/","logo":{"@type":"ImageObject","inLanguage":"it-IT","@id":"https:\/\/toscanashopping.it\/blog\/#\/schema\/logo\/image\/","url":"","contentUrl":"","caption":"USB"},"image":{"@id":"https:\/\/toscanashopping.it\/blog\/#\/schema\/logo\/image\/"}},{"@type":"Person","@id":"https:\/\/toscanashopping.it\/blog\/#\/schema\/person\/168a483b63d59f897634dc9aa501da26","name":"Redazione","image":{"@type":"ImageObject","inLanguage":"it-IT","@id":"https:\/\/secure.gravatar.com\/avatar\/e650296cbdc30189124749fbda42a1034e408872fdfab3d9e3d1662233cc568b?s=96&d=mm&r=g","url":"https:\/\/secure.gravatar.com\/avatar\/e650296cbdc30189124749fbda42a1034e408872fdfab3d9e3d1662233cc568b?s=96&d=mm&r=g","contentUrl":"https:\/\/secure.gravatar.com\/avatar\/e650296cbdc30189124749fbda42a1034e408872fdfab3d9e3d1662233cc568b?s=96&d=mm&r=g","caption":"Redazione"}}]}},"acf":[],"_links":{"self":[{"href":"https:\/\/toscanashopping.it\/blog\/wp-json\/wp\/v2\/posts\/10350","targetHints":{"allow":["GET"]}}],"collection":[{"href":"https:\/\/toscanashopping.it\/blog\/wp-json\/wp\/v2\/posts"}],"about":[{"href":"https:\/\/toscanashopping.it\/blog\/wp-json\/wp\/v2\/types\/post"}],"author":[{"embeddable":true,"href":"https:\/\/toscanashopping.it\/blog\/wp-json\/wp\/v2\/users\/8"}],"replies":[{"embeddable":true,"href":"https:\/\/toscanashopping.it\/blog\/wp-json\/wp\/v2\/comments?post=10350"}],"version-history":[{"count":1,"href":"https:\/\/toscanashopping.it\/blog\/wp-json\/wp\/v2\/posts\/10350\/revisions"}],"predecessor-version":[{"id":10352,"href":"https:\/\/toscanashopping.it\/blog\/wp-json\/wp\/v2\/posts\/10350\/revisions\/10352"}],"wp:featuredmedia":[{"embeddable":true,"href":"https:\/\/toscanashopping.it\/blog\/wp-json\/wp\/v2\/media\/10351"}],"wp:attachment":[{"href":"https:\/\/toscanashopping.it\/blog\/wp-json\/wp\/v2\/media?parent=10350"}],"wp:term":[{"taxonomy":"category","embeddable":true,"href":"https:\/\/toscanashopping.it\/blog\/wp-json\/wp\/v2\/categories?post=10350"},{"taxonomy":"post_tag","embeddable":true,"href":"https:\/\/toscanashopping.it\/blog\/wp-json\/wp\/v2\/tags?post=10350"}],"curies":[{"name":"wp","href":"https:\/\/api.w.org\/{rel}","templated":true}]}}